{"id":2601,"date":"2023-01-23T15:23:03","date_gmt":"2023-01-23T14:23:03","guid":{"rendered":"https:\/\/www.veil.fr\/janvier-2023-veil-jourde-conseil-des-managers-de-maincare\/"},"modified":"2024-06-24T16:28:26","modified_gmt":"2024-06-24T14:28:26","slug":"veil-jourde-advisor-to-maincares-managers","status":"publish","type":"post","link":"https:\/\/www.veil.fr\/en\/veil-jourde-advisor-to-maincares-managers\/","title":{"rendered":"Veil Jourde, conseil des managers de Maincare dans sa cession \u00e0 Docaposte"},"content":{"rendered":"<div class=\"one_first ui-sortable-handle first_column\" data-folder=\"column\" data-type=\"\">\n<div data-folder=\"text\" data-type=\"\">\n<p>Janvier 2023 &#8211; Fusions acquisitions<\/p>\n<p><span style=\"color: #002244;\"><strong>Veil Jourde, conseil des managers de Maincare dans sa cession \u00e0 Docaposte<\/strong><\/span><\/p>\n<p>Montagu Private Equity, actionnaire de Maincare, annonce un accord avec Docaposte en vue de la cession de Maincare, sp\u00e9cialiste des solutions num\u00e9riques pour les h\u00f4pitaux.<br \/>\n<strong>Veil Jourde<\/strong>, avec <a href=\"https:\/\/www.veil.fr\/service\/benoit-greteau\/\"><span style=\"color: #002244;\"><strong>Beno\u00eet Gr\u00e9teau<\/strong><\/span><\/a>, associ\u00e9, <a href=\"https:\/\/www.veil.fr\/service\/gabriel-damecourt\/\"><span style=\"color: #002244;\"><strong>Gabriel d\u2019Am\u00e9court<\/strong><\/span><\/a>, counsel, <a href=\"https:\/\/www.veil.fr\/en\/charlotte-martinez-2\/\"><strong><span style=\"color: #002244;\">Charlotte Martinez<\/span><\/strong><\/a> et <span style=\"color: #002244;\"><strong>Clara Muhar<\/strong><\/span>, collaboratrices, a accompagn\u00e9 les managers de Maincare dans cette cession.<\/p>\n<p><span style=\"color: #002244;\"><strong>R\u00e9f\u00e9rences Revue de presse<\/strong> <\/span>:<br \/>\n&#8211; <em>Le Monde du droit<\/em>, 20 janvier 2023, Deals, <span style=\"color: #002244;\">&#8221; <a style=\"color: #002244;\" href=\"https:\/\/www.lemondedudroit.fr\/deals\/85469-veil-jourde-conseil-des-managers-de-maincare-dans-sa-cession-a-docaposte.html\">Veil Jourde, conseil des managers de Maincare dans sa cession \u00e0 Docaposte<\/a> &#8220;<\/span><br \/>\n&#8211; <em>La LJA<\/em>, 23 janvier 2023, n\u00b0 1569, Deals, &#8221; Trois cabinets sur le rachat de Maincare par Docaposte &#8221;<br \/>\n&#8211; <em>Capital Finance<\/em>, 23 janvier 2023, n\u00b0 1526 p. 9, Deals, &#8221; Montagu c\u00e8de Maincare \u00e0 Docaposte &#8221;<br \/>\n&#8211; <em>Juristes associ\u00e9s<\/em>, fil rouge, 20 janvier 2023, &#8221; Cession de Maincare &#8221;<br \/>\n&#8211; <em>Global Legal Chronicle<\/em>, 20 janvier 2023, France, &#8221; L\u2019acquisition de Maincare par Docaposte &#8221;<br \/>\n&#8211;\u00a0<em>CFNews<\/em>, 17 janvier 2023, M&amp;A, &#8221; Maincare se soigne avec une filiale de La Poste &#8221;<\/p>\n<\/div>\n<\/div>\n","protected":false},"excerpt":{"rendered":"<p>Janvier 2023 &#8211; Fusions acquisitions Veil Jourde, conseil des managers de Maincare dans sa cession \u00e0 Docaposte Montagu Private Equity, actionnaire de Maincare, annonce un accord avec Docaposte en vue de la cession de Maincare, sp\u00e9cialiste des solutions num\u00e9riques pour les h\u00f4pitaux. Veil Jourde, avec Beno\u00eet Gr\u00e9teau, associ\u00e9, Gabriel d\u2019Am\u00e9court, counsel, Charlotte Martinez et Clara [&hellip;]<\/p>\n","protected":false},"author":1,"featured_media":0,"comment_status":"closed","ping_status":"closed","sticky":false,"template":"","format":"standard","meta":{"_acf_changed":false,"footnotes":""},"categories":[24],"class_list":["post-2601","post","type-post","status-publish","format-standard","hentry","category-deals-en"],"acf":[],"_links":{"self":[{"href":"https:\/\/www.veil.fr\/en\/wp-json\/wp\/v2\/posts\/2601","targetHints":{"allow":["GET"]}}],"collection":[{"href":"https:\/\/www.veil.fr\/en\/wp-json\/wp\/v2\/posts"}],"about":[{"href":"https:\/\/www.veil.fr\/en\/wp-json\/wp\/v2\/types\/post"}],"author":[{"embeddable":true,"href":"https:\/\/www.veil.fr\/en\/wp-json\/wp\/v2\/users\/1"}],"replies":[{"embeddable":true,"href":"https:\/\/www.veil.fr\/en\/wp-json\/wp\/v2\/comments?post=2601"}],"version-history":[{"count":2,"href":"https:\/\/www.veil.fr\/en\/wp-json\/wp\/v2\/posts\/2601\/revisions"}],"predecessor-version":[{"id":4827,"href":"https:\/\/www.veil.fr\/en\/wp-json\/wp\/v2\/posts\/2601\/revisions\/4827"}],"wp:attachment":[{"href":"https:\/\/www.veil.fr\/en\/wp-json\/wp\/v2\/media?parent=2601"}],"wp:term":[{"taxonomy":"category","embeddable":true,"href":"https:\/\/www.veil.fr\/en\/wp-json\/wp\/v2\/categories?post=2601"}],"curies":[{"name":"wp","href":"https:\/\/api.w.org\/{rel}","templated":true}]}}