{"id":2778,"date":"2022-07-25T11:46:43","date_gmt":"2022-07-25T09:46:43","guid":{"rendered":"https:\/\/www.veil.fr\/juillet-2022-veil-jourde-conseil-de-socadif-dans-son-investissement-dans-humans-matter\/"},"modified":"2024-03-27T17:04:06","modified_gmt":"2024-03-27T16:04:06","slug":"veil-jourde-advisor-to-socadif-in-its-investment-in-humans-matter","status":"publish","type":"post","link":"https:\/\/www.veil.fr\/en\/veil-jourde-advisor-to-socadif-in-its-investment-in-humans-matter\/","title":{"rendered":"Veil Jourde, advisor to Socadif in its investment in Humans Matter"},"content":{"rendered":"<div class=\"one_first ui-sortable-handle first_column\" data-folder=\"column\" data-type=\"\">\n<div data-folder=\"text\" data-type=\"\">\n<p>Juillet 2022 &#8211; Private Equity<\/p>\n<p><strong><span style=\"color: #002244;\">Veil Jourde, conseil de Socadif Capital Investissement dans son investissement dans Humans Matter<\/span><\/strong><\/p>\n<p>Socadif Capital Investissement accompagne Humans Matter dans son op\u00e9ration de financement coupl\u00e9e \u00e0 un projet de sortie de cotation. Humans Matter dont les titres sont cot\u00e9s sur Euronext Access Paris est une entreprise sp\u00e9cialis\u00e9e dans les services innovants croisant les sciences cognitives et les technologies digitales.<\/p>\n<p>Dans cette op\u00e9ration, Socadif Capital Investissement \u00e9tait conseill\u00e9 par <strong>Veil Jourde<\/strong>, avec :<br \/>\n<span style=\"color: #002244;\">*<\/span> \u00a0<a href=\"https:\/\/www.veil.fr\/service\/laurent-jobert\/\"><span style=\"color: #002244;\"><strong>Laurent Jobert<\/strong><\/span><\/a>, associ\u00e9, <span style=\"color: #002244;\"><a style=\"color: #002244;\" href=\"https:\/\/www.veil.fr\/service\/vincent-ramel-2\/\"><strong>Vincent Ramel<\/strong><\/a><\/span>, counsel, et <a href=\"https:\/\/www.veil.fr\/service\/alberic-duhamel-delattre\/\"><span style=\"color: #002244;\"><strong>Alb\u00e9ric Duhamel-Delattre<\/strong><\/span><\/a>, collaborateur, sur les aspects corporate et contractuels<br \/>\n<span style=\"color: #002244;\">*<\/span> <a href=\"https:\/\/www.veil.fr\/service\/benoit-greteau\/\"><span style=\"color: #002244;\"><strong>Beno\u00eet Gr\u00e9teau<\/strong><\/span><\/a>, associ\u00e9, et <a href=\"https:\/\/www.veil.fr\/service\/charlotte-bittermann\/\"><span style=\"color: #002244;\"><strong>Charlotte Bittermann<\/strong><\/span><\/a>, collaboratrice, sur les aspects fiscaux ;<br \/>\n<span style=\"color: #002244;\">* <a style=\"color: #002244;\" href=\"https:\/\/www.veil.fr\/service\/pauline-larroque-daran\/\"><strong>Pauline Larroque-Daran<\/strong><\/a><\/span>, associ\u00e9e, et <a href=\"https:\/\/www.veil.fr\/service\/marine-guille\/\"><span style=\"color: #002244;\"><strong>Marine Guille<\/strong><\/span><\/a>, collaboratrice, sur les aspects sociaux.<\/p>\n<p><span style=\"color: #002244;\"><strong>R\u00e9f\u00e9rences Revue de presse<\/strong><\/span> :<br \/>\n<em>&#8211; La LJA<\/em>, 25 juillet 2022, n\u00b01547, Deals, &#8221; Trois cabinets sur l\u2019entr\u00e9e de Socadif dans Humans Matter &#8221;<br \/>\n<em>&#8211; Le Monde du droit (site)<\/em>, 19 juillet 2022, Deals,<span style=\"color: #002244;\"> &#8221; <a style=\"color: #002244;\" href=\"https:\/\/www.lemondedudroit.fr\/deals\/82805-veil-jourde-conseil-socadif-capital-investissement-investissement-humans-matter.html\">Veil Jourde, conseil de Socadif Capital Investissement dans son investissement dans Humans Matter<\/a> &#8220;<\/span><br \/>\n&#8211;<em> Juristes Associ\u00e9s,<\/em> 20 juillet 2022, Fil rouge, &#8221; SOCADIF investit dans HUMANS MATTER &#8221;<br \/>\net dans les bases de donn\u00e9es de\u00a0Global Legal Chronicle<\/p>\n<\/div>\n<\/div>\n","protected":false},"excerpt":{"rendered":"<p>Juillet 2022 &#8211; Private Equity Veil Jourde, conseil de Socadif Capital Investissement dans son investissement dans Humans Matter Socadif Capital Investissement accompagne Humans Matter dans son op\u00e9ration de financement coupl\u00e9e \u00e0 un projet de sortie de cotation. Humans Matter dont les titres sont cot\u00e9s sur Euronext Access Paris est une entreprise sp\u00e9cialis\u00e9e dans les services [&hellip;]<\/p>\n","protected":false},"author":1,"featured_media":0,"comment_status":"closed","ping_status":"closed","sticky":false,"template":"","format":"standard","meta":{"_acf_changed":false,"footnotes":""},"categories":[24],"class_list":["post-2778","post","type-post","status-publish","format-standard","hentry","category-deals-en"],"acf":[],"_links":{"self":[{"href":"https:\/\/www.veil.fr\/en\/wp-json\/wp\/v2\/posts\/2778","targetHints":{"allow":["GET"]}}],"collection":[{"href":"https:\/\/www.veil.fr\/en\/wp-json\/wp\/v2\/posts"}],"about":[{"href":"https:\/\/www.veil.fr\/en\/wp-json\/wp\/v2\/types\/post"}],"author":[{"embeddable":true,"href":"https:\/\/www.veil.fr\/en\/wp-json\/wp\/v2\/users\/1"}],"replies":[{"embeddable":true,"href":"https:\/\/www.veil.fr\/en\/wp-json\/wp\/v2\/comments?post=2778"}],"version-history":[{"count":3,"href":"https:\/\/www.veil.fr\/en\/wp-json\/wp\/v2\/posts\/2778\/revisions"}],"predecessor-version":[{"id":2779,"href":"https:\/\/www.veil.fr\/en\/wp-json\/wp\/v2\/posts\/2778\/revisions\/2779"}],"wp:attachment":[{"href":"https:\/\/www.veil.fr\/en\/wp-json\/wp\/v2\/media?parent=2778"}],"wp:term":[{"taxonomy":"category","embeddable":true,"href":"https:\/\/www.veil.fr\/en\/wp-json\/wp\/v2\/categories?post=2778"}],"curies":[{"name":"wp","href":"https:\/\/api.w.org\/{rel}","templated":true}]}}