{"id":2829,"date":"2022-03-31T15:11:14","date_gmt":"2022-03-31T13:11:14","guid":{"rendered":"https:\/\/www.veil.fr\/mars-2022-veil-jourde-conseil-de-latour-dans-le-lbo-deri\/"},"modified":"2024-03-28T10:59:09","modified_gmt":"2024-03-28T09:59:09","slug":"veil-jourde-advisor-to-latour-capital-fund-in-the-lbo-of-eri","status":"publish","type":"post","link":"https:\/\/www.veil.fr\/en\/veil-jourde-advisor-to-latour-capital-fund-in-the-lbo-of-eri\/","title":{"rendered":"Veil Jourde, advisor to Latour Capital fund in the LBO of ERI"},"content":{"rendered":"<div class=\"one_first ui-sortable-handle first_column\" data-folder=\"column\" data-type=\"\">\n<div data-folder=\"text\" data-type=\"\">\n<p>Mars 2022 &#8211; Private Equity &#8211; LBO<\/p>\n<p><span style=\"color: #002244;\"><strong>Veil Jourde, conseil du fonds Latour Capital dans le LBO d\u2019ERI <\/strong><\/span><\/p>\n<p>ERI, un des leaders des services multi-techniques pour le b\u00e2timent et les infrastructures, engage un second LBO aupr\u00e8s d\u2019Andera Partners, qui relaie ainsi Latour Capital entr\u00e9 en 2016.<\/p>\n<p>Dans ce LBO, Latour Capital \u00e9tait conseill\u00e9 par <strong>Veil Jourde<\/strong> avec <span style=\"color: #002244;\"><a style=\"color: #002244;\" href=\"https:\/\/www.veil.fr\/service\/geraud-saint-guilhem\/\"><strong>G\u00e9raud Saint Guilhem<\/strong><\/a><\/span>, associ\u00e9, et <a href=\"https:\/\/www.veil.fr\/service\/gabriel-damecourt\/\"><span style=\"color: #002244;\"><strong>Gabriel d\u2019Am\u00e9court<\/strong><\/span><\/a>, counsel, en corporate et <a href=\"https:\/\/www.veil.fr\/service\/benoit-greteau\/\"><span style=\"color: #002244;\"><strong>Benoit Gr\u00e9teau<\/strong><\/span><\/a>, associ\u00e9 en fiscalit\u00e9.<\/p>\n<p><span style=\"color: #002244;\"><a style=\"color: #002244;\" href=\"https:\/\/www.anderapartners.com\/fr\/andera-partners-succede-a-latour-capital-pour-accompagner-la-croissance-du-groupe-eri-un-des-leaders-des-services-multi-techniques-en-ile-de-france\/\">Andera Partners &amp; Latour Capital d\u00e9cryptent ici l&#8217;op\u00e9ration<\/a>. <\/span><\/p>\n<p><span style=\"color: #002244;\"><strong>R\u00e9f\u00e9rences Revue de presse<\/strong><\/span> :<br \/>\n<em>&#8211; La LJA<\/em>, 4 avril 2022, n\u00b01532, Deals, &#8221; Quatre cabinets sur la prise de participation majoritaire d\u2019Andera dans ERI &#8221;<br \/>\n&#8211;<em> Le Monde du droit<\/em> (site), 30 mars 2022, Deals, &#8221; <span style=\"color: #002244;\"><a style=\"color: #002244;\" href=\"https:\/\/www.lemondedudroit.fr\/deals\/80765-veil-jourde-conseil-latour-capital-lbo-eri.html\">Veil Jourde, conseil de Latour Capital dans le LBO d\u2019ERI<\/a><\/span> &#8221;<br \/>\n&#8211; <em>Global Legal Chronicle<\/em>, 30 mars 2022, France, &#8221; ERI engage un second LBO aupr\u00e8s d\u2019Andera Partners\u00a0&#8221;<br \/>\n&#8211;<em> Capital Finance<\/em>, 28 mars 2022, LBO, &#8221; Andera relaie Latour au capital d\u2019ERI &#8221;<br \/>\n&#8211;<em> Juristes Associ\u00e9s, 30 mars 2022, fil rouge<\/em>, &#8221; LBO d\u2019ERI &#8221;<br \/>\net dans les bases de donn\u00e9es de <em>Fusions Acquisitions Magazine<\/em> et de <em>Private Equity Magazine<\/em><\/p>\n<\/div>\n<\/div>\n","protected":false},"excerpt":{"rendered":"<p>Mars 2022 &#8211; Private Equity &#8211; LBO Veil Jourde, conseil du fonds Latour Capital dans le LBO d\u2019ERI ERI, un des leaders des services multi-techniques pour le b\u00e2timent et les infrastructures, engage un second LBO aupr\u00e8s d\u2019Andera Partners, qui relaie ainsi Latour Capital entr\u00e9 en 2016. Dans ce LBO, Latour Capital \u00e9tait conseill\u00e9 par Veil [&hellip;]<\/p>\n","protected":false},"author":1,"featured_media":0,"comment_status":"closed","ping_status":"closed","sticky":false,"template":"","format":"standard","meta":{"_acf_changed":false,"footnotes":""},"categories":[24],"class_list":["post-2829","post","type-post","status-publish","format-standard","hentry","category-deals-en"],"acf":[],"_links":{"self":[{"href":"https:\/\/www.veil.fr\/en\/wp-json\/wp\/v2\/posts\/2829","targetHints":{"allow":["GET"]}}],"collection":[{"href":"https:\/\/www.veil.fr\/en\/wp-json\/wp\/v2\/posts"}],"about":[{"href":"https:\/\/www.veil.fr\/en\/wp-json\/wp\/v2\/types\/post"}],"author":[{"embeddable":true,"href":"https:\/\/www.veil.fr\/en\/wp-json\/wp\/v2\/users\/1"}],"replies":[{"embeddable":true,"href":"https:\/\/www.veil.fr\/en\/wp-json\/wp\/v2\/comments?post=2829"}],"version-history":[{"count":2,"href":"https:\/\/www.veil.fr\/en\/wp-json\/wp\/v2\/posts\/2829\/revisions"}],"predecessor-version":[{"id":2830,"href":"https:\/\/www.veil.fr\/en\/wp-json\/wp\/v2\/posts\/2829\/revisions\/2830"}],"wp:attachment":[{"href":"https:\/\/www.veil.fr\/en\/wp-json\/wp\/v2\/media?parent=2829"}],"wp:term":[{"taxonomy":"category","embeddable":true,"href":"https:\/\/www.veil.fr\/en\/wp-json\/wp\/v2\/categories?post=2829"}],"curies":[{"name":"wp","href":"https:\/\/api.w.org\/{rel}","templated":true}]}}