{"id":2849,"date":"2022-01-05T23:59:27","date_gmt":"2022-01-05T22:59:27","guid":{"rendered":"https:\/\/www.veil.fr\/janvier-2022-veil-jourde-conseil-de-walden-dans-son-acquisition-de-relais-colis\/"},"modified":"2024-03-28T11:29:20","modified_gmt":"2024-03-28T10:29:20","slug":"veil-jourde-advisor-to-walden-in-its-acquisition-of-relais-colis","status":"publish","type":"post","link":"https:\/\/www.veil.fr\/en\/veil-jourde-advisor-to-walden-in-its-acquisition-of-relais-colis\/","title":{"rendered":"Veil Jourde, advisor to Walden in its acquisition of Relais Colis"},"content":{"rendered":"<div class=\"one_first ui-sortable-handle first_column\" data-folder=\"column\" data-type=\"\">\n<div data-folder=\"text\" data-type=\"\">\n<p>Janvier 2022 &#8211; Fusions-Acquisitions<\/p>\n<p><span style=\"color: #002244;\"><strong>Veil Jourde, conseil de Walden dans son acquisition de Relais Colis<br \/>\n<\/strong><\/span><\/p>\n<p>Walden est entr\u00e9 en n\u00e9gociations exclusives avec le groupe New R, actionnaire de Relais Colis, sp\u00e9cialiste de la livraison vers des points de proximit\u00e9. Relais Colis avait \u00e9t\u00e9 cr\u00e9\u00e9 par La Redoute en 1969 et appartient, comme la Redoute, \u00e0 ses dirigeants Nathalie Balla et Eric Courteille, au management et \u00e0 l&#8217;ensemble des salari\u00e9s.<\/p>\n<p><em>Dans cette acquisition, <span style=\"color: #002244;\"><strong>Veil Jourde<\/strong><\/span> est le conseil de la soci\u00e9t\u00e9 Walden avec :<\/em><br \/>\n<em>* en Corporate :<strong>\u00a0<a href=\"https:\/\/www.veil.fr\/service\/francois-de-navailles\/\"><span style=\"color: #002244;\">Fran\u00e7ois de Navailles<\/span><\/a><\/strong>, associ\u00e9,<strong><span style=\"color: #002244;\"> <a style=\"color: #002244;\" href=\"https:\/\/www.veil.fr\/service\/gabriel-damecourt\/\">Gabriel d\u2019Am\u00e9court<\/a><\/span><\/strong>, counsel, Alexandre Bavoillot et<span style=\"color: #002244;\"> <span style=\"color: #002244;\">Virgile Mo<\/span><span style=\"color: #002244;\">rel<\/span><\/span>, collaborateurs\u00a0;<\/em><br \/>\n<em>* en Fiscal : <strong><span style=\"color: #002244;\"><a style=\"color: #002244;\" href=\"https:\/\/www.veil.fr\/service\/benoit-greteau\/\">Beno\u00eet Gr\u00e9teau<\/a><\/span><\/strong>, associ\u00e9, et Pauline Delaflotte, collaboratrice\u00a0;<\/em><br \/>\n<em>* en Financement :<strong><a href=\"https:\/\/www.veil.fr\/service\/herve-pillard\/\"><span style=\"color: #002244;\"> Herv\u00e9<\/span><\/a><span style=\"color: #002244;\"><a style=\"color: #002244;\" href=\"https:\/\/www.veil.fr\/service\/herve-pillard\/\"> Pillard<\/a><\/span><\/strong>, associ\u00e9\u00a0;<\/em><br \/>\n<em>* en Propri\u00e9t\u00e9 Intellectuelle : <strong><span style=\"color: #002244;\"><a style=\"color: #002244;\" href=\"https:\/\/www.veil.fr\/service\/nicolas-brault\/\">Nicolas Brault<\/a><\/span><\/strong>, associ\u00e9, et<strong> <a href=\"https:\/\/www.veil.fr\/service\/fanny-attal\/\"><span style=\"color: #002244;\">Fanny Attal<\/span><\/a><\/strong>, collaboratrice.<\/em><\/p>\n<p><span style=\"color: #002244;\"><strong>R\u00e9f\u00e9rences Revue de presse<\/strong><\/span> :<br \/>\n&#8211; <em>Global Legal Chronicle<\/em>,\u00a0 20 janvier 2022, France, <span style=\"color: #002244;\">&#8220;<\/span>Walden acquiert Relais Colis<span style=\"color: #002244;\">&#8220;<\/span><br \/>\n&#8211;<em> Le Monde du droit<\/em>, 20 janvier 2022, Deals, &#8220;<span style=\"color: #002244;\">\u00a0<a style=\"color: #002244;\" href=\"https:\/\/www.lemondedudroit.fr\/deals\/79479-veil-jourde-conseil-de-walden-dans-son-acquisition-de-relais-colis.html\">Veil Jourde, conseil de Walden dans son acquisition de Relais Colis<\/a> <\/span>&#8221;<br \/>\n&#8211; <em>Juristes Associ\u00e9s,<\/em> 20 janvier 2022, le fil rouge, &#8220;acquisition de Relais Colis&#8221;<br \/>\net dans les bases de donn\u00e9es de <em>Fusions Acquisitions Magazine<\/em><\/p>\n<\/div>\n<\/div>\n","protected":false},"excerpt":{"rendered":"<p>Janvier 2022 &#8211; Fusions-Acquisitions Veil Jourde, conseil de Walden dans son acquisition de Relais Colis Walden est entr\u00e9 en n\u00e9gociations exclusives avec le groupe New R, actionnaire de Relais Colis, sp\u00e9cialiste de la livraison vers des points de proximit\u00e9. Relais Colis avait \u00e9t\u00e9 cr\u00e9\u00e9 par La Redoute en 1969 et appartient, comme la Redoute, \u00e0 [&hellip;]<\/p>\n","protected":false},"author":1,"featured_media":0,"comment_status":"closed","ping_status":"closed","sticky":false,"template":"","format":"standard","meta":{"_acf_changed":false,"footnotes":""},"categories":[24],"class_list":["post-2849","post","type-post","status-publish","format-standard","hentry","category-deals-en"],"acf":[],"_links":{"self":[{"href":"https:\/\/www.veil.fr\/en\/wp-json\/wp\/v2\/posts\/2849","targetHints":{"allow":["GET"]}}],"collection":[{"href":"https:\/\/www.veil.fr\/en\/wp-json\/wp\/v2\/posts"}],"about":[{"href":"https:\/\/www.veil.fr\/en\/wp-json\/wp\/v2\/types\/post"}],"author":[{"embeddable":true,"href":"https:\/\/www.veil.fr\/en\/wp-json\/wp\/v2\/users\/1"}],"replies":[{"embeddable":true,"href":"https:\/\/www.veil.fr\/en\/wp-json\/wp\/v2\/comments?post=2849"}],"version-history":[{"count":2,"href":"https:\/\/www.veil.fr\/en\/wp-json\/wp\/v2\/posts\/2849\/revisions"}],"predecessor-version":[{"id":2850,"href":"https:\/\/www.veil.fr\/en\/wp-json\/wp\/v2\/posts\/2849\/revisions\/2850"}],"wp:attachment":[{"href":"https:\/\/www.veil.fr\/en\/wp-json\/wp\/v2\/media?parent=2849"}],"wp:term":[{"taxonomy":"category","embeddable":true,"href":"https:\/\/www.veil.fr\/en\/wp-json\/wp\/v2\/categories?post=2849"}],"curies":[{"name":"wp","href":"https:\/\/api.w.org\/{rel}","templated":true}]}}